{"id":2703,"date":"2026-01-24T00:30:11","date_gmt":"2026-01-24T00:30:11","guid":{"rendered":"https:\/\/ennuestroparche.com\/?p=2703"},"modified":"2026-01-24T00:30:11","modified_gmt":"2026-01-24T00:30:11","slug":"mas-de-10-000-personas-respaldan-en-tumaco-alianza-tenorio-barreras-rumbo-al-senado-y-presidencia","status":"publish","type":"post","link":"https:\/\/ennuestroparche.com\/index.php\/2026\/01\/24\/mas-de-10-000-personas-respaldan-en-tumaco-alianza-tenorio-barreras-rumbo-al-senado-y-presidencia\/","title":{"rendered":"<strong>M\u00e1s de 10.000 personas respaldan en Tumaco alianza Tenorio\u2013Barreras rumbo al Senado y Presidencia<\/strong>"},"content":{"rendered":"\n<p>La movilizaci\u00f3n se realiz\u00f3 en Tumaco el 17 de enero de 2026, con apoyo ciudadano masivo al lanzamiento pol\u00edtico de Ronald Tenorio y Roy Barreras.<\/p>\n\n\n\n<figure class=\"wp-block-image size-large\"><img decoding=\"async\" loading=\"lazy\" width=\"1024\" height=\"768\" src=\"https:\/\/ennuestroparche.com\/wp-content\/uploads\/2026\/01\/Foto-Lanzamiento-de-campana-Tumaco-1024x768.jpeg\" alt=\"\" class=\"wp-image-2705\" srcset=\"https:\/\/ennuestroparche.com\/wp-content\/uploads\/2026\/01\/Foto-Lanzamiento-de-campana-Tumaco-1024x768.jpeg 1024w, https:\/\/ennuestroparche.com\/wp-content\/uploads\/2026\/01\/Foto-Lanzamiento-de-campana-Tumaco-300x225.jpeg 300w, https:\/\/ennuestroparche.com\/wp-content\/uploads\/2026\/01\/Foto-Lanzamiento-de-campana-Tumaco-768x576.jpeg 768w, https:\/\/ennuestroparche.com\/wp-content\/uploads\/2026\/01\/Foto-Lanzamiento-de-campana-Tumaco.jpeg 1280w\" sizes=\"(max-width: 1024px) 100vw, 1024px\" \/><\/figure>\n\n\n\n<p>M\u00e1s de 10.000 personas se concentraron en el centro de Tumaco durante el lanzamiento oficial de la campa\u00f1a al Senado de Ronald Tenorio y la aspiraci\u00f3n presidencial de Roy Barreras, en una jornada que evidenci\u00f3 una alta participaci\u00f3n ciudadana y el posicionamiento pol\u00edtico del Pac\u00edfico nari\u00f1ense en el escenario nacional.<\/p>\n\n\n\n<p>El evento, reuni\u00f3 a comunidades urbanas y rurales que acudieron al llamado de una propuesta pol\u00edtica enfocada en la representaci\u00f3n regional, la equidad territorial y la inclusi\u00f3n de zonas hist\u00f3ricamente marginadas. La movilizaci\u00f3n fue una de las m\u00e1s concurridas registradas recientemente en el litoral pac\u00edfico de Nari\u00f1o.<\/p>\n\n\n\n<p>Durante su intervenci\u00f3n, Ronald Tenorio, candidato al Senado por el partido Frente Amplio Unitario con el n\u00famero 72, se\u00f1al\u00f3 que su aspiraci\u00f3n surge de un proceso de organizaci\u00f3n comunitaria y trabajo territorial sostenido. En su discurso, hizo referencia al papel de las generaciones que han habitado el Pac\u00edfico y a la necesidad de traducir esa historia en participaci\u00f3n pol\u00edtica efectiva.<\/p>\n\n\n\n<p>\u201cEste d\u00eda marca un punto de partida para que el Pac\u00edfico tenga una representaci\u00f3n real en el Congreso y para que el Estado vuelva a mirar esta regi\u00f3n con decisiones concretas\u201d, afirm\u00f3 Tenorio ante los asistentes.<\/p>\n\n\n\n<h3>Propuestas legislativas anunciadas<\/h3>\n\n\n\n<p>El candidato present\u00f3 las l\u00edneas program\u00e1ticas que buscar\u00e1 impulsar desde el Senado, entre las que se encuentran proyectos de electrificaci\u00f3n y generaci\u00f3n de energ\u00eda para comunidades del Pac\u00edfico, pol\u00edticas de formalizaci\u00f3n laboral con acceso a seguridad social, programas de fortalecimiento para j\u00f3venes deportistas y una iniciativa de Ley de Desarrollo Mar\u00edtimo orientada a dinamizar la econom\u00eda costera con criterios de sostenibilidad.<\/p>\n\n\n\n<p>Tenorio indic\u00f3 que estas propuestas est\u00e1n basadas en las necesidades identificadas durante recorridos territoriales y encuentros comunitarios en municipios del litoral pac\u00edfico.<\/p>\n\n\n\n<h3>Respaldo pol\u00edtico y mensaje presidencial<\/h3>\n\n\n\n<p>Por su parte, Roy Barreras destac\u00f3 el liderazgo regional de Tenorio y su capacidad para articular procesos comunitarios en diferentes zonas del Pac\u00edfico colombiano. Seg\u00fan Barreras, la alianza representa una apuesta por la descentralizaci\u00f3n del poder pol\u00edtico y por una mayor presencia de las regiones en la toma de decisiones nacionales.<\/p>\n\n\n\n<p>Barreras se\u00f1al\u00f3 que el respaldo ciudadano evidenciado en Tumaco refleja una demanda hist\u00f3rica de inclusi\u00f3n pol\u00edtica y social por parte de territorios que, seg\u00fan afirm\u00f3, han tenido una participaci\u00f3n limitada en la construcci\u00f3n de pol\u00edticas p\u00fablicas nacionales.<\/p>\n\n\n\n<h3>Participaci\u00f3n ciudadana y escenario electoral<\/h3>\n\n\n\n<p>La jornada transcurri\u00f3 sin alteraciones del orden p\u00fablico y cont\u00f3 con la presencia de l\u00edderes sociales, organizaciones comunitarias y ciudadanos de distintos sectores. Para analistas locales, la masiva asistencia demuestra un creciente inter\u00e9s pol\u00edtico en el Pac\u00edfico nari\u00f1ense de cara a las elecciones legislativas y presidenciales.<\/p>\n\n\n\n<p>Con este lanzamiento, la f\u00f3rmula pol\u00edtica Tenorio\u2013Barreras inicia su recorrido electoral con un fuerte respaldo ciudadano en el litoral pac\u00edfico, consolidando a Tumaco como uno de los primeros escenarios clave de su estrategia pol\u00edtica nacional.<\/p>\n\n\n\n<p>La movilizaci\u00f3n dej\u00f3 una pregunta abierta entre los asistentes: <strong>\u00bfser\u00e1 este el inicio de una representaci\u00f3n pol\u00edtica sostenida para el Pac\u00edfico colombiano<\/strong>?<\/p>\n\n\n\n<figure class=\"wp-block-image size-large\"><img decoding=\"async\" loading=\"lazy\" width=\"963\" height=\"1024\" src=\"https:\/\/ennuestroparche.com\/wp-content\/uploads\/2026\/01\/FOTOS-Roy-Barreras-y-Tenorio--963x1024.jpeg\" alt=\"\" class=\"wp-image-2706\" srcset=\"https:\/\/ennuestroparche.com\/wp-content\/uploads\/2026\/01\/FOTOS-Roy-Barreras-y-Tenorio--963x1024.jpeg 963w, https:\/\/ennuestroparche.com\/wp-content\/uploads\/2026\/01\/FOTOS-Roy-Barreras-y-Tenorio--282x300.jpeg 282w, https:\/\/ennuestroparche.com\/wp-content\/uploads\/2026\/01\/FOTOS-Roy-Barreras-y-Tenorio--768x817.jpeg 768w, https:\/\/ennuestroparche.com\/wp-content\/uploads\/2026\/01\/FOTOS-Roy-Barreras-y-Tenorio--1024x1089.jpeg 1024w, https:\/\/ennuestroparche.com\/wp-content\/uploads\/2026\/01\/FOTOS-Roy-Barreras-y-Tenorio-.jpeg 1200w\" sizes=\"(max-width: 963px) 100vw, 963px\" \/><\/figure>\n","protected":false},"excerpt":{"rendered":"<p>La movilizaci\u00f3n se realiz\u00f3 en Tumaco el 17 de enero de 2026, con apoyo ciudadano&#8230;<\/p>\n","protected":false},"author":3,"featured_media":0,"comment_status":"open","ping_status":"open","sticky":false,"template":"","format":"standard","meta":{"om_disable_all_campaigns":false,"_mi_skip_tracking":false},"categories":[7],"tags":[562,1320,1319,1302,1322,1323],"aioseo_notices":[],"_links":{"self":[{"href":"https:\/\/ennuestroparche.com\/index.php\/wp-json\/wp\/v2\/posts\/2703"}],"collection":[{"href":"https:\/\/ennuestroparche.com\/index.php\/wp-json\/wp\/v2\/posts"}],"about":[{"href":"https:\/\/ennuestroparche.com\/index.php\/wp-json\/wp\/v2\/types\/post"}],"author":[{"embeddable":true,"href":"https:\/\/ennuestroparche.com\/index.php\/wp-json\/wp\/v2\/users\/3"}],"replies":[{"embeddable":true,"href":"https:\/\/ennuestroparche.com\/index.php\/wp-json\/wp\/v2\/comments?post=2703"}],"version-history":[{"count":2,"href":"https:\/\/ennuestroparche.com\/index.php\/wp-json\/wp\/v2\/posts\/2703\/revisions"}],"predecessor-version":[{"id":2707,"href":"https:\/\/ennuestroparche.com\/index.php\/wp-json\/wp\/v2\/posts\/2703\/revisions\/2707"}],"wp:attachment":[{"href":"https:\/\/ennuestroparche.com\/index.php\/wp-json\/wp\/v2\/media?parent=2703"}],"wp:term":[{"taxonomy":"category","embeddable":true,"href":"https:\/\/ennuestroparche.com\/index.php\/wp-json\/wp\/v2\/categories?post=2703"},{"taxonomy":"post_tag","embeddable":true,"href":"https:\/\/ennuestroparche.com\/index.php\/wp-json\/wp\/v2\/tags?post=2703"}],"curies":[{"name":"wp","href":"https:\/\/api.w.org\/{rel}","templated":true}]}}