{"id":2692,"date":"2025-12-29T18:59:16","date_gmt":"2025-12-29T18:59:16","guid":{"rendered":"https:\/\/ennuestroparche.com\/?p=2692"},"modified":"2025-12-29T19:16:19","modified_gmt":"2025-12-29T19:16:19","slug":"alumbrado-navideno-de-cali-se-mantendra-encendido-hasta-el-31-de-diciembre","status":"publish","type":"post","link":"https:\/\/ennuestroparche.com\/index.php\/2025\/12\/29\/alumbrado-navideno-de-cali-se-mantendra-encendido-hasta-el-31-de-diciembre\/","title":{"rendered":"<strong>Alumbrado Navide\u00f1o de Cali se mantendr\u00e1 encendido hasta el 31 de diciembre<\/strong>"},"content":{"rendered":"\n<p><strong>La Administraci\u00f3n Distrital ampli\u00f3 la iluminaci\u00f3n festiva como parte del cierre de la Feria de Cali 2025.<\/strong><\/p>\n\n\n\n<figure class=\"wp-block-image size-large\"><img decoding=\"async\" loading=\"lazy\" width=\"1024\" height=\"683\" src=\"https:\/\/ennuestroparche.com\/wp-content\/uploads\/2025\/12\/Alumbrado-mejorarda-1024x683.png\" alt=\"\" class=\"wp-image-2693\" srcset=\"https:\/\/ennuestroparche.com\/wp-content\/uploads\/2025\/12\/Alumbrado-mejorarda-1024x683.png 1024w, https:\/\/ennuestroparche.com\/wp-content\/uploads\/2025\/12\/Alumbrado-mejorarda-300x200.png 300w, https:\/\/ennuestroparche.com\/wp-content\/uploads\/2025\/12\/Alumbrado-mejorarda-768x512.png 768w, https:\/\/ennuestroparche.com\/wp-content\/uploads\/2025\/12\/Alumbrado-mejorarda.png 1536w\" sizes=\"(max-width: 1024px) 100vw, 1024px\" \/><\/figure>\n\n\n\n<p>l Alumbrado Navide\u00f1o de Cali permanecer\u00e1 encendido hasta el pr\u00f3ximo <strong>31 de diciembre<\/strong>, tras una decisi\u00f3n de la Administraci\u00f3n Distrital que busca ampliar el disfrute de esta atracci\u00f3n por parte de cale\u00f1os y visitantes durante el cierre del a\u00f1o.<\/p>\n\n\n\n<p>La informaci\u00f3n fue confirmada por la <strong>Unidad Administrativa Especial de Servicios P\u00fablicos<\/strong>, entidad encargada de la operaci\u00f3n del programa <em>Alumbrado Navide\u00f1o: Cali, Sucursal de la Navidad<\/em>. Aunque la iluminaci\u00f3n hace parte de la programaci\u00f3n oficial de la Feria de Cali, que finaliza el 30 de diciembre, se determin\u00f3 su extensi\u00f3n hasta el \u00faltimo d\u00eda de 2025.<\/p>\n\n\n\n<p>Actualmente, el Alumbrado Navide\u00f1o est\u00e1 distribuido en <strong>seis puntos estrat\u00e9gicos<\/strong> de la ciudad, tres en la zona urbana y tres en el sector rural, habilitados para el p\u00fablico en horario de <strong>6:00 p. m. a 11:00 p. m.<\/strong> Los espacios incluyen el Bulevar del R\u00edo, el Bulevar de Oriente, el barrio Obrero y los corregimientos de Felidia, Montebello y La Buitrera.<\/p>\n\n\n\n<p>De acuerdo con cifras oficiales, la atracci\u00f3n ha recibido <strong>m\u00e1s de dos millones de visitantes<\/strong>, consolid\u00e1ndose como uno de los eventos culturales y tur\u00edsticos m\u00e1s concurridos de la temporada decembrina en la capital del Valle del Cauca. Adem\u00e1s de su valor simb\u00f3lico y cultural, el alumbrado ha generado un impacto positivo en la econom\u00eda local, beneficiando a comerciantes, emprendedores y prestadores de servicios en los sectores intervenidos.<\/p>\n\n\n\n<p>La Uaesp reiter\u00f3 la invitaci\u00f3n a la ciudadan\u00eda para recorrer estos espacios durante los \u00faltimos d\u00edas del a\u00f1o, destacando que la ampliaci\u00f3n del alumbrado responde al objetivo de promover una Navidad m\u00e1s incluyente, cercana y presente en distintos territorios de la ciudad, tanto urbanos como rurales, fortaleciendo la tradici\u00f3n y el encuentro familiar en Cali.<\/p>\n\n\n\n<figure class=\"wp-block-embed is-type-video is-provider-tiktok wp-block-embed-tiktok\"><div class=\"wp-block-embed__wrapper\">\n<blockquote class=\"tiktok-embed\" cite=\"https:\/\/www.tiktok.com\/@nuestroparchecali\/video\/7586897689166581048\" data-video-id=\"7586897689166581048\" data-embed-from=\"oembed\" style=\"max-width:605px; min-width:325px;\"> <section> <a target=\"_blank\" title=\"@nuestroparchecali\" href=\"https:\/\/www.tiktok.com\/@nuestroparchecali?refer=embed\">@nuestroparchecali<\/a> <p>Del 26 al 30 de diciembre: Encuentro de Mel\u00f3manos, pura salsa y colecci\u00f3n en una sola vuelta\u2026 la feria es donde debes estar <a title=\"feriadecali\" target=\"_blank\" href=\"https:\/\/www.tiktok.com\/tag\/feriadecali?refer=embed\">#feriadecali<\/a><\/p> <a target=\"_blank\" title=\"\u266c sonido original - Nuestro Parche - Nuestro Parche\" href=\"https:\/\/www.tiktok.com\/music\/sonido-original-Nuestro-Parche-7586897664575343371?refer=embed\">\u266c sonido original &#8211; Nuestro Parche &#8211; Nuestro Parche<\/a> <\/section> <\/blockquote> <script async src=\"https:\/\/www.tiktok.com\/embed.js\"><\/script>\n<\/div><\/figure>\n\n\n\r\n<div id=\"sb_instagram\"  class=\"sbi sbi_mob_col_1 sbi_tab_col_2 sbi_col_4 sbi_width_resp\" style=\"padding-bottom: 10px;\" data-feedid=\"*1\"  data-res=\"auto\" data-cols=\"4\" data-colsmobile=\"1\" data-colstablet=\"2\" data-num=\"20\" data-nummobile=\"20\" data-shortcode-atts=\"{}\"  data-postid=\"2692\" data-locatornonce=\"d718d25029\" data-sbi-flags=\"favorLocal\">\r\n\t\r\n    <div id=\"sbi_images\"  style=\"padding: 5px;\">\r\n\t\t    <\/div>\r\n\r\n\t<div id=\"sbi_load\" >\r\n\r\n\t\r\n\t\t\t<span class=\"sbi_follow_btn sbi_custom\">\r\n        <a href=\"https:\/\/www.instagram.com\/17841438266630388\/\" style=\"background: rgb(64,139,209);\" target=\"_blank\" rel=\"nofollow noopener\">\r\n            <svg class=\"svg-inline--fa fa-instagram fa-w-14\" aria-hidden=\"true\" data-fa-processed=\"\" aria-label=\"Instagram\" data-prefix=\"fab\" data-icon=\"instagram\" role=\"img\" viewBox=\"0 0 448 512\">\n\t                <path fill=\"currentColor\" d=\"M224.1 141c-63.6 0-114.9 51.3-114.9 114.9s51.3 114.9 114.9 114.9S339 319.5 339 255.9 287.7 141 224.1 141zm0 189.6c-41.1 0-74.7-33.5-74.7-74.7s33.5-74.7 74.7-74.7 74.7 33.5 74.7 74.7-33.6 74.7-74.7 74.7zm146.4-194.3c0 14.9-12 26.8-26.8 26.8-14.9 0-26.8-12-26.8-26.8s12-26.8 26.8-26.8 26.8 12 26.8 26.8zm76.1 27.2c-1.7-35.9-9.9-67.7-36.2-93.9-26.2-26.2-58-34.4-93.9-36.2-37-2.1-147.9-2.1-184.9 0-35.8 1.7-67.6 9.9-93.9 36.1s-34.4 58-36.2 93.9c-2.1 37-2.1 147.9 0 184.9 1.7 35.9 9.9 67.7 36.2 93.9s58 34.4 93.9 36.2c37 2.1 147.9 2.1 184.9 0 35.9-1.7 67.7-9.9 93.9-36.2 26.2-26.2 34.4-58 36.2-93.9 2.1-37 2.1-147.8 0-184.8zM398.8 388c-7.8 19.6-22.9 34.7-42.6 42.6-29.5 11.7-99.5 9-132.1 9s-102.7 2.6-132.1-9c-19.6-7.8-34.7-22.9-42.6-42.6-11.7-29.5-9-99.5-9-132.1s-2.6-102.7 9-132.1c7.8-19.6 22.9-34.7 42.6-42.6 29.5-11.7 99.5-9 132.1-9s102.7-2.6 132.1 9c19.6 7.8 34.7 22.9 42.6 42.6 11.7 29.5 9 99.5 9 132.1s2.7 102.7-9 132.1z\"><\/path>\n\t            <\/svg>            <span>S\u00edguenos en Instagram<\/span>\r\n        <\/a>\r\n    <\/span>\r\n\t\r\n<\/div>\r\n\r\n\t    <span class=\"sbi_resized_image_data\" data-feed-id=\"*1\" data-resized=\"[]\">\n\t<\/span>\n\t<\/div>\r\n\r\n\n\n\n<p><strong>Fuentes:<\/strong><\/p>\n\n\n\n<ul>\n<li>Unidad Administrativa Especial de Servicios P\u00fablicos (Uaesp), comunicado oficial, 29 de diciembre de 2025.<\/li>\n<\/ul>\n","protected":false},"excerpt":{"rendered":"<p>La Administraci\u00f3n Distrital ampli\u00f3 la iluminaci\u00f3n festiva como parte del cierre de la Feria de&#8230;<\/p>\n","protected":false},"author":3,"featured_media":0,"comment_status":"open","ping_status":"open","sticky":false,"template":"","format":"standard","meta":{"om_disable_all_campaigns":false,"_mi_skip_tracking":false},"categories":[2,7],"tags":[1318,25,562],"aioseo_notices":[],"_links":{"self":[{"href":"https:\/\/ennuestroparche.com\/index.php\/wp-json\/wp\/v2\/posts\/2692"}],"collection":[{"href":"https:\/\/ennuestroparche.com\/index.php\/wp-json\/wp\/v2\/posts"}],"about":[{"href":"https:\/\/ennuestroparche.com\/index.php\/wp-json\/wp\/v2\/types\/post"}],"author":[{"embeddable":true,"href":"https:\/\/ennuestroparche.com\/index.php\/wp-json\/wp\/v2\/users\/3"}],"replies":[{"embeddable":true,"href":"https:\/\/ennuestroparche.com\/index.php\/wp-json\/wp\/v2\/comments?post=2692"}],"version-history":[{"count":1,"href":"https:\/\/ennuestroparche.com\/index.php\/wp-json\/wp\/v2\/posts\/2692\/revisions"}],"predecessor-version":[{"id":2694,"href":"https:\/\/ennuestroparche.com\/index.php\/wp-json\/wp\/v2\/posts\/2692\/revisions\/2694"}],"wp:attachment":[{"href":"https:\/\/ennuestroparche.com\/index.php\/wp-json\/wp\/v2\/media?parent=2692"}],"wp:term":[{"taxonomy":"category","embeddable":true,"href":"https:\/\/ennuestroparche.com\/index.php\/wp-json\/wp\/v2\/categories?post=2692"},{"taxonomy":"post_tag","embeddable":true,"href":"https:\/\/ennuestroparche.com\/index.php\/wp-json\/wp\/v2\/tags?post=2692"}],"curies":[{"name":"wp","href":"https:\/\/api.w.org\/{rel}","templated":true}]}}